{"id":10450,"date":"2024-11-25T10:10:12","date_gmt":"2024-11-25T10:10:12","guid":{"rendered":"https:\/\/centreroyhart.org\/resources\/ways-to-the-voice-wege-zur-stimme\/"},"modified":"2024-11-25T11:04:28","modified_gmt":"2024-11-25T11:04:28","slug":"ways-to-the-voice-wege-zur-stimme","status":"publish","type":"article","link":"https:\/\/centreroyhart.org\/fr\/resources\/ways-to-the-voice-wege-zur-stimme\/","title":{"rendered":"Ways to the voice \/ Wege zur stimme"},"content":{"rendered":"\n<div class=\"wp-block-group is-layout-constrained wp-block-group-is-layout-constrained\" style=\"padding-top:var(--wp--preset--spacing--20);padding-bottom:var(--wp--preset--spacing--70)\">\n<div class=\"wp-block-group is-layout-constrained wp-block-group-is-layout-constrained\" style=\"padding-top:0;padding-bottom:var(--wp--preset--spacing--70)\">\n<div class=\"wp-block-columns are-vertically-aligned-top is-layout-flex wp-container-core-columns-is-layout-28f84493 wp-block-columns-is-layout-flex\">\n<div class=\"wp-block-column is-vertically-aligned-top is-layout-flow wp-container-core-column-is-layout-cba8d490 wp-block-column-is-layout-flow\" style=\"padding-right:20px;padding-left:0px;flex-basis:66.66%\">\n<p><strong>Ralf Peters<\/strong><br>Wege zur Stimme (Ways to the voice)<br>Reisen ins menschliche Stimmfeld (Voyage dans le monde des hommes)<br>Stimmfeld, Bielefeld 2018<\/p>\n\n\n\n<p>Nouvelle \u00e9dition, disponible en cliquant sur ce lien (en allemand) :<br><a href=\"https:\/\/www.bod.de\/buchshop\/wege-zur-stimme-ralf-peters-9783744885232\" target=\"_blank\" rel=\"noopener\">https:\/\/www.bod.de\/buchshop\/wege-zur-stimme-ralf-peters-9783744885232<\/a><\/p>\n\n\n\n<p><strong>Description<\/strong><br>Dans mon livre <em><strong>Wege zur Stimme\/ Ways to the Voice<\/strong><\/em>, j\u2019ai essay\u00e9 de mettre en mots ma compr\u00e9hension de l\u2019approche de la voix de Roy Hart qui est \u00e0 la base m\u00eame de tout mon travail sur la voix en tant qu\u2019artiste et enseignant. Bien que ma compr\u00e9hension ait continu\u00e9 \u00e0 se d\u00e9velopper depuis la publication du livre en allemand, Ways to the Voice est toujours valable comme base de ce d\u00e9veloppement. Vous y trouverez des aspects philosophiques de la voix, un aper\u00e7u historique, des questions et des id\u00e9es anthropologiques et psychologiques, ainsi que des r\u00e9flexions sur le potentiel artistique de la voix tel que nous le<br>concevons dans notre travail.<\/p>\n\n\n\n<p>La version anglaise de certains chapitres que vous pouvez lire ici est traduite par\u00a0<a href=\"https:\/\/words-and-web.com\/\" target=\"_blank\" rel=\"noreferrer noopener\">Ania Dardas<\/a>, qui n\u2019est pas seulement une traductrice et une r\u00e9dactrice professionnelle mais aussi une personne ayant une longue et profonde exp\u00e9rience du travail de Roy Hart. Elle fait partie des \u00ab\u00a0amis\u00a0\u00bb, un groupe de personnes qui ont travaill\u00e9 ensemble pendant plus de 15 ans avec Jonathan Hart Makwaia et Rosemary Quinn comme enseignants. C\u2019est dans ce groupe que je l\u2019ai rencontr\u00e9e pour la premi\u00e8re fois. Elle vit, travaille et chante (principalement du jazz) en Suisse. J\u2019esp\u00e8re vivement que la lecture de mes r\u00e9flexions vous incitera \u00e0 r\u00e9fl\u00e9chir \u00e0 ce ph\u00e9nom\u00e8ne fascinant qu\u2019est la voix humaine.<\/p>\n\n\n\n<p>J\u2019esp\u00e8re vivement que la lecture de mes r\u00e9flexions vous incitera \u00e0 r\u00e9fl\u00e9chir \u00e0 ce ph\u00e9nom\u00e8ne fascinant qu\u2019est la voix humaine.<\/p>\n\n\n\n<p>Nous sommes heureux de recevoir des commentaires sur ces textes et nous nous r\u00e9jouissons d\u2019en discuter avec vous, soit ici\u00a0<a href=\"mailto:ralf-peters@stimmfeld.de\" target=\"_blank\" rel=\"noreferrer noopener\">ralf-peters@stimmfeld.de<\/a>, soit face \u00e0 face, peut- \u00eatre au Centre Roy Hart de Mal\u00e9rargues. Ralf Peters<\/p>\n\n\n\n<p>En savoir plus sur le travail de Ralf Peters :<br><a href=\"http:\/\/www.stimmfeld.de\/\" target=\"_blank\" rel=\"noopener\">www.stimmfeld.de<\/a> (allemand et anglais)<br><a href=\"http:\/\/www.hoerfeld.de\/\" target=\"_blank\" rel=\"noopener\">www.hoerfeld.de<\/a><br><a href=\"http:\/\/www.stimmfeld-verein.de\/\" target=\"_blank\" rel=\"noopener\">www.stimmfeld-verein.de<\/a><\/p>\n<\/div>\n\n\n\n<div class=\"wp-block-column is-vertically-aligned-top has-ast-global-color-4-background-color has-background is-layout-flow wp-container-core-column-is-layout-05b58405 wp-block-column-is-layout-flow\" style=\"padding-top:40px;padding-right:30px;padding-bottom:40px;padding-left:30px;flex-basis:33.33%\">\n<figure class=\"wp-block-image aligncenter size-full is-resized\"><img fetchpriority=\"high\" decoding=\"async\" width=\"600\" height=\"600\" src=\"http:\/\/centreroyhart.org\/wp-content\/uploads\/2024\/10\/ralf-peters.jpg\" alt=\"Ralf Peters, Roy Hart voice teacher\" class=\"wp-image-5096\" style=\"width:180px\" srcset=\"https:\/\/centreroyhart.org\/wp-content\/uploads\/2024\/10\/ralf-peters.jpg 600w, https:\/\/centreroyhart.org\/wp-content\/uploads\/2024\/10\/ralf-peters-300x300.jpg 300w, https:\/\/centreroyhart.org\/wp-content\/uploads\/2024\/10\/ralf-peters-150x150.jpg 150w\" sizes=\"(max-width: 600px) 100vw, 600px\" \/><\/figure>\n\n\n\n<p class=\"has-ast-global-color-7-color has-text-color has-link-color wp-elements-dc9f2b453ad561717a4b7bba2c48737d\" style=\"font-size:16px;font-style:normal;font-weight:400;line-height:1.6\"><a href=\"https:\/\/centreroyhart.org\/fr\/professeurs\/ralf-peters\/\" target=\"_blank\" rel=\"noreferrer noopener\">Ralf Peters<\/a><br>was born in 1964 in Germany. He is an extended voice and performance artist, a doctor of philosophy (Thesis: \u201cThe knowledge of doing\/acting\u201c \u201cDas Wissen vom Handeln\u201c K\u00f6ln 2000). He works regularly in Germany, France, Switzerland, and has also taught and performed in Italy, UK, China, Taiwan. He thinks and writes about voice. He is the president of the association \u201cstimmfeld e.V.\u201c and co-director of the voice-performance ensemble K\u00f6rperSchafftKlang. First contact with RHT in 1995 in a workshop by Paul and Clara Silber who became his life-long mentors, teachers, friends. He works as a radio announcer and reciter. Alongside his artistic work he organises conferences and festivals about voice and art.       <\/p>\n<\/div>\n<\/div>\n<\/div>\n<\/div>\n","protected":false},"template":"","meta":{"site-sidebar-layout":"default","site-content-layout":"","ast-site-content-layout":"default","site-content-style":"default","site-sidebar-style":"default","ast-global-header-display":"","ast-banner-title-visibility":"","ast-main-header-display":"","ast-hfb-above-header-display":"","ast-hfb-below-header-display":"","ast-hfb-mobile-header-display":"","site-post-title":"","ast-breadcrumbs-content":"","ast-featured-img":"","footer-sml-layout":"","ast-disable-related-posts":"","theme-transparent-header-meta":"","adv-header-id-meta":"","stick-header-meta":"","header-above-stick-meta":"","header-main-stick-meta":"","header-below-stick-meta":"","astra-migrate-meta-layouts":"default","ast-page-background-enabled":"default","ast-page-background-meta":{"desktop":{"background-color":"var(--ast-global-color-4)","background-image":"","background-repeat":"repeat","background-position":"center center","background-size":"auto","background-attachment":"scroll","background-type":"","background-media":"","overlay-type":"","overlay-color":"","overlay-opacity":"","overlay-gradient":""},"tablet":{"background-color":"","background-image":"","background-repeat":"repeat","background-position":"center center","background-size":"auto","background-attachment":"scroll","background-type":"","background-media":"","overlay-type":"","overlay-color":"","overlay-opacity":"","overlay-gradient":""},"mobile":{"background-color":"","background-image":"","background-repeat":"repeat","background-position":"center center","background-size":"auto","background-attachment":"scroll","background-type":"","background-media":"","overlay-type":"","overlay-color":"","overlay-opacity":"","overlay-gradient":""}},"ast-content-background-meta":{"desktop":{"background-color":"var(--ast-global-color-5)","background-image":"","background-repeat":"repeat","background-position":"center center","background-size":"auto","background-attachment":"scroll","background-type":"","background-media":"","overlay-type":"","overlay-color":"","overlay-opacity":"","overlay-gradient":""},"tablet":{"background-color":"var(--ast-global-color-5)","background-image":"","background-repeat":"repeat","background-position":"center center","background-size":"auto","background-attachment":"scroll","background-type":"","background-media":"","overlay-type":"","overlay-color":"","overlay-opacity":"","overlay-gradient":""},"mobile":{"background-color":"var(--ast-global-color-5)","background-image":"","background-repeat":"repeat","background-position":"center center","background-size":"auto","background-attachment":"scroll","background-type":"","background-media":"","overlay-type":"","overlay-color":"","overlay-opacity":"","overlay-gradient":""}},"_jet_sm_ready_style":"","_jet_sm_style":"","_jet_sm_controls_values":"","_jet_sm_fonts_collection":"","_jet_sm_fonts_links":"","footnotes":""},"resource-type":[201],"class_list":["post-10450","article","type-article","status-publish","hentry","resource-type-livre"],"publishpress_future_workflow_manual_trigger":{"enabledWorkflows":[]},"_links":{"self":[{"href":"https:\/\/centreroyhart.org\/fr\/wp-json\/wp\/v2\/article\/10450","targetHints":{"allow":["GET"]}}],"collection":[{"href":"https:\/\/centreroyhart.org\/fr\/wp-json\/wp\/v2\/article"}],"about":[{"href":"https:\/\/centreroyhart.org\/fr\/wp-json\/wp\/v2\/types\/article"}],"version-history":[{"count":2,"href":"https:\/\/centreroyhart.org\/fr\/wp-json\/wp\/v2\/article\/10450\/revisions"}],"predecessor-version":[{"id":10464,"href":"https:\/\/centreroyhart.org\/fr\/wp-json\/wp\/v2\/article\/10450\/revisions\/10464"}],"wp:attachment":[{"href":"https:\/\/centreroyhart.org\/fr\/wp-json\/wp\/v2\/media?parent=10450"}],"wp:term":[{"taxonomy":"resource-type","embeddable":true,"href":"https:\/\/centreroyhart.org\/fr\/wp-json\/wp\/v2\/resource-type?post=10450"}],"curies":[{"name":"wp","href":"https:\/\/api.w.org\/{rel}","templated":true}]}}