{"id":10673,"date":"2024-11-26T12:46:23","date_gmt":"2024-11-26T12:46:23","guid":{"rendered":"https:\/\/centreroyhart.org\/?post_type=article&#038;p=10673"},"modified":"2024-11-26T15:55:33","modified_gmt":"2024-11-26T15:55:33","slug":"a-little-book-of-voice","status":"publish","type":"article","link":"https:\/\/centreroyhart.org\/fr\/resources\/a-little-book-of-voice\/","title":{"rendered":"A Little Book of Voice"},"content":{"rendered":"\n<div class=\"wp-block-group is-layout-constrained wp-block-group-is-layout-constrained\" style=\"padding-top:var(--wp--preset--spacing--50);padding-bottom:var(--wp--preset--spacing--70)\">\n<div class=\"wp-block-group is-layout-constrained wp-block-group-is-layout-constrained\" style=\"padding-top:0;padding-bottom:var(--wp--preset--spacing--50)\">\n<div class=\"wp-block-columns are-vertically-aligned-top is-layout-flex wp-container-core-columns-is-layout-28f84493 wp-block-columns-is-layout-flex\">\n<div class=\"wp-block-column is-vertically-aligned-top is-layout-flow wp-container-core-column-is-layout-cba8d490 wp-block-column-is-layout-flow\" style=\"padding-right:20px;padding-left:0px;flex-basis:66.66%\">\n<p>56 pages<br>ISBN-13: 9783744896344<\/p>\n\n\n\n<p>Ce petit livre est un recueil de r\u00e9flexions et d\u2019id\u00e9es sur la pratique du d\u00e9veloppement de la&nbsp;voix au-del\u00e0 de l\u2019art et de la th\u00e9rapie. Comment pourrait-on donner acc\u00e8s au domaine de la&nbsp;voix humaine \u00e0 des personnes qui ne souhaitent pas utiliser leur voix de mani\u00e8re artistique ?&nbsp;En m\u00eame temps, ce livre est une br\u00e8ve introduction au travail vocal d\u2019Alfred Wolfsohn et de&nbsp;Roy Hart.<\/p>\n\n\n\n<p>Disponible via ce lien :<br><a href=\"https:\/\/www.bod.de\/buchshop\/a-little-book-of-voice-ralf-peters-9783744896344\" target=\"_blank\" rel=\"noopener\">https:\/\/www.bod.de\/buchshop\/a-little-book-of-voice-ralf-peters-9783744896344<\/a><\/p>\n<\/div>\n\n\n\n<div class=\"wp-block-column is-vertically-aligned-top has-ast-global-color-4-background-color has-background is-layout-flow wp-container-core-column-is-layout-05b58405 wp-block-column-is-layout-flow\" style=\"padding-top:40px;padding-right:30px;padding-bottom:40px;padding-left:30px;flex-basis:33.33%\">\n<figure class=\"wp-block-image aligncenter size-full is-resized\"><img fetchpriority=\"high\" decoding=\"async\" width=\"600\" height=\"600\" src=\"http:\/\/centreroyhart.org\/wp-content\/uploads\/2024\/10\/ralf-peters.jpg\" alt=\"Ralf Peters, Roy Hart voice teacher\" class=\"wp-image-5096\" style=\"width:194px;height:auto\" srcset=\"https:\/\/centreroyhart.org\/wp-content\/uploads\/2024\/10\/ralf-peters.jpg 600w, https:\/\/centreroyhart.org\/wp-content\/uploads\/2024\/10\/ralf-peters-300x300.jpg 300w, https:\/\/centreroyhart.org\/wp-content\/uploads\/2024\/10\/ralf-peters-150x150.jpg 150w\" sizes=\"(max-width: 600px) 100vw, 600px\" \/><\/figure>\n\n\n\n<p><a href=\"https:\/\/centreroyhart.org\/fr\/professeurs\/ralf-peters\/\" target=\"_blank\" rel=\"noreferrer noopener\">Ralf Peters<\/a> est n\u00e9 en 1964 en Allemagne. Il est un artiste de la voix \u00e9tendue et de la performance,\u00a0docteur en philosophie (Th\u00e8se : \u00ab\u00a0Le savoir de faire\/agir\u00a0\u00bb \u00ab\u00a0Das Wissen vom Handeln\u00a0\u00bb K\u00f6ln\u00a02000). Il travaille r\u00e9guli\u00e8rement en Allemagne, en France et en Suisse, et a \u00e9galement<br>enseign\u00e9 et jou\u00e9 en Italie, au Royaume-Uni, en Chine et \u00e0 Taiwan. Il pense et \u00e9crit sur la\u00a0voix. Il est pr\u00e9sident de l\u2019association \u00ab\u00a0stimmfeld e.V.\u00a0\u00bb et co-directeur de l\u2019ensemble de\u00a0performance vocale K\u00f6rperSchafftKlang. Premier contact avec la RHT en 1995 lors d\u2019un<br>stage de Paul et Clara Silber qui sont devenus ses mentors, professeurs et amis pour la vie.\u00a0Il travaille en tant que pr\u00e9sentateur de radio et r\u00e9citateur. Parall\u00e8lement \u00e0 son travail\u00a0artistique, il organise des conf\u00e9rences et des festivals sur la voix et l\u2019art.<\/p>\n\n\n\n<p><a href=\"http:\/\/www.stimmfeld.de\/\" target=\"_blank\" rel=\"noopener\">www.stimmfeld.de<\/a><br><a href=\"http:\/\/www.hoerfeld.de\/\" target=\"_blank\" rel=\"noopener\">www.hoerfeld.de<\/a><br><a href=\"http:\/\/www.stimmfeld-verein.de\/\" target=\"_blank\" rel=\"noopener\">www.stimmfeld-verein.de<\/a><\/p>\n<\/div>\n<\/div>\n<\/div>\n<\/div>\n","protected":false},"template":"","meta":{"site-sidebar-layout":"default","site-content-layout":"","ast-site-content-layout":"default","site-content-style":"default","site-sidebar-style":"default","ast-global-header-display":"","ast-banner-title-visibility":"","ast-main-header-display":"","ast-hfb-above-header-display":"","ast-hfb-below-header-display":"","ast-hfb-mobile-header-display":"","site-post-title":"","ast-breadcrumbs-content":"","ast-featured-img":"","footer-sml-layout":"","ast-disable-related-posts":"","theme-transparent-header-meta":"","adv-header-id-meta":"","stick-header-meta":"","header-above-stick-meta":"","header-main-stick-meta":"","header-below-stick-meta":"","astra-migrate-meta-layouts":"default","ast-page-background-enabled":"default","ast-page-background-meta":{"desktop":{"background-color":"var(--ast-global-color-4)","background-image":"","background-repeat":"repeat","background-position":"center center","background-size":"auto","background-attachment":"scroll","background-type":"","background-media":"","overlay-type":"","overlay-color":"","overlay-opacity":"","overlay-gradient":""},"tablet":{"background-color":"","background-image":"","background-repeat":"repeat","background-position":"center center","background-size":"auto","background-attachment":"scroll","background-type":"","background-media":"","overlay-type":"","overlay-color":"","overlay-opacity":"","overlay-gradient":""},"mobile":{"background-color":"","background-image":"","background-repeat":"repeat","background-position":"center center","background-size":"auto","background-attachment":"scroll","background-type":"","background-media":"","overlay-type":"","overlay-color":"","overlay-opacity":"","overlay-gradient":""}},"ast-content-background-meta":{"desktop":{"background-color":"var(--ast-global-color-5)","background-image":"","background-repeat":"repeat","background-position":"center center","background-size":"auto","background-attachment":"scroll","background-type":"","background-media":"","overlay-type":"","overlay-color":"","overlay-opacity":"","overlay-gradient":""},"tablet":{"background-color":"var(--ast-global-color-5)","background-image":"","background-repeat":"repeat","background-position":"center center","background-size":"auto","background-attachment":"scroll","background-type":"","background-media":"","overlay-type":"","overlay-color":"","overlay-opacity":"","overlay-gradient":""},"mobile":{"background-color":"var(--ast-global-color-5)","background-image":"","background-repeat":"repeat","background-position":"center center","background-size":"auto","background-attachment":"scroll","background-type":"","background-media":"","overlay-type":"","overlay-color":"","overlay-opacity":"","overlay-gradient":""}},"_jet_sm_ready_style":"","_jet_sm_style":"","_jet_sm_controls_values":"","_jet_sm_fonts_collection":"","_jet_sm_fonts_links":"","footnotes":""},"resource-type":[201],"class_list":["post-10673","article","type-article","status-publish","hentry","resource-type-livre"],"publishpress_future_workflow_manual_trigger":{"enabledWorkflows":[]},"_links":{"self":[{"href":"https:\/\/centreroyhart.org\/fr\/wp-json\/wp\/v2\/article\/10673","targetHints":{"allow":["GET"]}}],"collection":[{"href":"https:\/\/centreroyhart.org\/fr\/wp-json\/wp\/v2\/article"}],"about":[{"href":"https:\/\/centreroyhart.org\/fr\/wp-json\/wp\/v2\/types\/article"}],"version-history":[{"count":2,"href":"https:\/\/centreroyhart.org\/fr\/wp-json\/wp\/v2\/article\/10673\/revisions"}],"predecessor-version":[{"id":10675,"href":"https:\/\/centreroyhart.org\/fr\/wp-json\/wp\/v2\/article\/10673\/revisions\/10675"}],"wp:attachment":[{"href":"https:\/\/centreroyhart.org\/fr\/wp-json\/wp\/v2\/media?parent=10673"}],"wp:term":[{"taxonomy":"resource-type","embeddable":true,"href":"https:\/\/centreroyhart.org\/fr\/wp-json\/wp\/v2\/resource-type?post=10673"}],"curies":[{"name":"wp","href":"https:\/\/api.w.org\/{rel}","templated":true}]}}